{"id":7504,"date":"2022-06-23T12:50:37","date_gmt":"2022-06-23T04:50:37","guid":{"rendered":"https:\/\/minikino.org\/articles\/?p=7504"},"modified":"2022-10-04T16:04:20","modified_gmt":"2022-10-04T08:04:20","slug":"to-voice-the-unheard","status":"publish","type":"post","link":"https:\/\/minikino.org\/articles\/to-voice-the-unheard\/","title":{"rendered":"To Voice The Unheard"},"content":{"rendered":"<p><span style=\"font-weight: 400;\">In a world full of borders and barriers, sometimes we seek comfort in our own little bubbles. Some bubbles seems large, while the others are small. We mostly go through life secluded in these bubbles. But while these bubbles give us comfort, they also separate us, establishing an imaginary walls that make the outside world appear blurry to us.\u00a0<\/span><\/p>\n<p><span style=\"font-weight: 400;\">Through the blur, we still take things for granted. I guess it is difficult to recognize our privilege. Some privileges are more substantial than others, but acknowledging the simple things we take for granted, can help us see through our bubbles in a more meaningful and humbling way.\u00a0<\/span><\/p>\n<p><strong>World beyond our bubbles<\/strong><\/p>\n<p><span style=\"font-weight: 400;\">Let me focus on one privilege I often take for granted; being heard. In this modern age, it seems like every single person with a phone and a social media account can voice their opinion on any subject no matter what. This way, the world may appear at our fingertips, but actually, this \u201cworld\u201d is nothing more than an illusion. According to <a href=\"https:\/\/datareportal.com\/reports\/digital-2022-global-overview-report\">DataReportal Digital 2022 global overview report<\/a>, only about half (58.4%) of the world\u2019s population owns an active social media account. Now imagine all the stories that have not yet been told or heard. Imagine the world beyond our bubbles.\u00a0<\/span><\/p>\n<p><span style=\"font-weight: 400;\">Through my internship as a festival writer with Minikino this year, I had the great pleasure of virtually meeting Liisa Holmberg, a S\u00e1mi filmmaker who is currently the Film Commissioner of the <a href=\"https:\/\/isfi.no\/\">International S\u00e1mi Film Institute<\/a> (ISFI). For those who are not familiar with the topic, S\u00e1pmi is a region inhabited by the S\u00e1mi people. They are indigenous group residing in the northern part of the European arctic, divided by the borders of Norway, Sweden, Finland, and the Northwest of the Russian Federation. Having been around for 7,000 years, The S\u00e1mi people have resided in this land far before any modern civilizations.\u00a0<\/span><\/p>\n<p><span style=\"font-weight: 400;\">For thousands of years, especially during the rise of colonization, the S\u00e1mi people have endured a lot of hardship. From land dispossession, culture suppression, and forced assimilation, S\u00e1mi voices have been drowned out by the majority. This is incredibly troubling when knowing that the S\u00e1mi people, like any other indigenous groups, are deeply rooted in their land and ancestors. Telling stories about their past is incredibly vital within their culture.\u00a0<\/span><\/p>\n<p><span style=\"font-weight: 400;\">Storytelling is crucial to them and they are also the original storytellers. They have been telling stories since the period of stone engravings. Some film theorists also see these cave engravings as the earliest type of cinema, narrating stories through drawings seen through the flickering flame of candlelight. Sergei Eisenstein, arguably the originator of formalist film theory, even analogized hieroglyphs with film. Knowing this, telling indigenous stories through film comes very naturally because ultimately, they are the modern time stone carvings.\u00a0<\/span><\/p>\n<p><span style=\"font-weight: 400;\">Although storytelling is deeply rooted in their culture, for a long time, mainstream cinema hasn&#8217;t been necessarily inclusive in depicting the S\u00e1mi Culture. In the rise of positive representation in film, indigenous stories and perspectives have rarely been included in the conversation. Indigenous stories have not only been drowned out by the majority but also contaminated by destructive stereotypes and representation by people living on the outside. S\u00e1mi characters particularly in Northern Europe films have been portrayed with such shallowness and nasty caricatures. Depicting them as poor, uneducated, and alcoholic, when in actuality they are as diverse and complex as any other group.\u00a0<\/span><\/p>\n<p><span style=\"font-weight: 400;\">One of Liisa\u2019s goals is to fundamentally reshape this tendency through her efforts. Fortunately, her endeavors have delivered progress. One of the stories that struck me long after the meeting, was about their peculiar relationship with the behemoth that is The Walt Disney Company.\u00a0<\/span><\/p>\n<p><strong>Breaking free from our bubbles<\/strong><\/p>\n<p><span style=\"font-weight: 400;\">I&#8217;m sure we are familiar with the sensational Disney animated film <\/span><i><span style=\"font-weight: 400;\">Frozen <\/span><\/i><span style=\"font-weight: 400;\">(2013). I was twelv<\/span>e years old when this movie was released, and I remember thinking it was unique in its world-building. The wholesome snowman Olaf and the ear candy tunes have indeed been embedded in the modern zeitgeist. What I just found out in 2022 is that the film was supposedly set in S\u00e1pmi and was depicting S\u00e1mi culture, where Elsa and Anna were meant to be S\u00e1mi characters. What was troubling was that Disney, in depicting the S\u00e1mi people, had zero interactions or conversations with the S\u00e1mi people beforehand. Creating the film entirely inside their own Hollywood bubble.<\/p>\n<p><span style=\"font-weight: 400;\">Fortunately, for the subsequent sequel, Disney made efforts to portray these stories authentically. Liisa shared how by giving input and constructive discussions, <\/span><span style=\"font-weight: 400;\">their stories could be displayed to the global audience more authentically. Disney thankfully complied and ultimately designed the sequel to fit their culture, even dubbing the songs and dialogue using the S\u00e1mi language with S\u00e1mi actors portraying its iconic characters. This story shows how inclusivity and accurate representation can come in various ways. Where Liisa, and the ISFI, were not only stern on \u201cwho\u201d voices the unheard, but also how to tell them authentically.\u00a0<\/span><\/p>\n<p><span style=\"font-weight: 400;\">Not only helping outsiders in depicting their culture, their efforts, through many sectors and initiatives, have mostly focused on producing truthful and authentic S\u00e1mi films by S\u00e1mi filmmakers. Emphasizing the right for S\u00e1mi people to \u201c<\/span><i><span style=\"font-weight: 400;\">tell their own stories\u201d. <\/span><\/i><span style=\"font-weight: 400;\">Throughout our conversation, Liisa highlighted various S\u00e1mi filmmakers and films telling authentic S\u00e1mi stories. How through building relationships with organizations throughout the world, she manages to help showcase these stories to the main stage. She then showed us Marja Helander&#8217;s short film <\/span><i><span style=\"font-weight: 400;\">Bird in the Earth <\/span><\/i><span style=\"font-weight: 400;\">(2018). Made by S\u00e1mi filmmakers, the film depicts a pair of S\u00e1mi ballerinas who dance poetically across the forests and city, which contrast eloquently emphasizes the deep link S\u00e1mi people have towards their land.\u00a0<\/span><\/p>\n<p><span style=\"font-weight: 400;\">Liisa is not only passionate about showcasing S\u00e1mi films by S\u00e1mi filmmakers. Through Sk\u00e1bmagovat, or the Indigenous Peoples&#8217; Film Festival, she helps bring Indigenous films worldwide into the spotlight. Taking place in the middle of the freezing Arctic of Inari, Finland, Indigenous filmmakers from all over the world got the wonderful chance to converse and exchange stories. When I asked Liisa if there&#8217;s a major thread that connects these Indigenous films from all over the world, her answer fit right into the impression I had after watching <\/span><i><span style=\"font-weight: 400;\">Bird in the Earth<\/span><\/i><span style=\"font-weight: 400;\">; the connection to the land.<\/span><\/p>\n<p><span style=\"font-weight: 400;\">She explained that Indigenous people have a deep and profound connection to their land, where nature and the wilderness are deeply rooted within their identity as people. This is where I broke free from my bubble for a moment. As a person living in the city, land was never part of my consciousness or my struggle. In other words, I take this land I live in for granted, never fully knowing who stayed here before me.<\/span><\/p>\n<p><span style=\"font-weight: 400;\">To be honest, through this bubble of mine, I knew nothing about S\u00e1pmi or the complicated history of the S\u00e1mi people prior to the meeting. But hearing Liisa talk so passionately about her people and her extraordinary efforts to voice the unheard was an incredibly inspiring and certainly &#8220;bubble-bursting&#8221; experience. I was a little nervous at first, as with any of these sessions. But it all disappeared when she stated such a lovely note; &#8220;<\/span><i><span style=\"font-weight: 400;\">we&#8217;re<\/span><\/i> <i><span style=\"font-weight: 400;\">far apart, I&#8217;m in the Arctic, and you&#8217;re in Indonesia, but we share the same passion<\/span><\/i><span style=\"font-weight: 400;\">.&#8221; So thank you, Liisa, for such a great conversation. Hope to see and talk to you in person one day. It doesn&#8217;t matter if it&#8217;ll be under the hot, tropical weather of Indonesia, or the cold winter breeze of the Arctic, because like the session we had virtually, I&#8217;m sure the conversation will be warm.<\/span><\/p>\n<h6><em>The writer is one of four participants that were selected for Minikino Hybrid Internship for Film Festival Writers (March-September 2022).<\/em><\/h6>\n","protected":false},"excerpt":{"rendered":"<p>In a world full of borders and barriers, sometimes we seek comfort in our own little bubbles. Some bubbles seems large, while the others are small. We mostly go through life secluded in these bubbles. But while these bubbles give us comfort, they also separate us, establishing an imaginary walls that make the outside world [&hellip;]<\/p>\n","protected":false},"author":56,"featured_media":7543,"comment_status":"open","ping_status":"open","sticky":false,"template":"","format":"standard","meta":{"jnews-multi-image_gallery":[],"jnews_single_post":{"source_name":"","source_url":"","via_name":"","via_url":"","override_template":"0","override":[{"template":"1","single_blog_custom":"","parallax":"1","fullscreen":"1","layout":"right-sidebar","sidebar":"default-sidebar","second_sidebar":"default-sidebar","sticky_sidebar":"1","share_position":"top","share_float_style":"share-monocrhome","show_share_counter":"1","show_view_counter":"1","show_featured":"1","show_post_meta":"1","show_post_author":"1","show_post_author_image":"1","show_post_date":"1","post_date_format":"default","post_date_format_custom":"Y\/m\/d","show_post_category":"1","show_post_reading_time":"0","post_reading_time_wpm":"300","show_zoom_button":"0","zoom_button_out_step":"2","zoom_button_in_step":"3","show_post_tag":"1","show_prev_next_post":"1","show_popup_post":"1","number_popup_post":"1","show_author_box":"0","show_post_related":"0","show_inline_post_related":"0"}],"override_image_size":"0","image_override":[{"single_post_thumbnail_size":"crop-500","single_post_gallery_size":"crop-500"}],"trending_post":"0","trending_post_position":"meta","trending_post_label":"Trending","sponsored_post":"0","sponsored_post_label":"Sponsored by","sponsored_post_name":"","sponsored_post_url":"","sponsored_post_logo_enable":"0","sponsored_post_logo":"","sponsored_post_desc":""},"jnews_primary_category":{"id":""},"jnews_social_meta":{"fb_title":"","fb_description":"","fb_image":"","twitter_title":"","twitter_description":"","twitter_image":""},"jnews_review":[],"enable_review":"0","type":"percentage","name":"","summary":"","brand":"","sku":"","good":[{"good_text":""}],"bad":[{"bad_text":""}],"score_override":"","override_value":"","rating":[{"rating_text":"","rating_number":"10"}],"price":[{"shop":"","price":"","link":"","icon":""}],"jnews_override_counter":{"override_view_counter":"0","view_counter_number":"0","override_share_counter":"0","share_counter_number":"0","override_like_counter":"0","like_counter_number":"0","override_dislike_counter":"0","dislike_counter_number":"0"},"jnews_podcast_option":{"enable_podcast":"0","podcast_duration":"","upload":""},"jnews_podcast_series":null,"footnotes":""},"categories":[6],"tags":[179,55,158,184,190,185,183,186,187],"jnews-series":[],"class_list":["post-7504","post","type-post","status-publish","format-standard","has-post-thumbnail","hentry","category-notes","tag-borders","tag-english","tag-festival-writers","tag-hybrid-internship-2022","tag-indigenous","tag-lapland","tag-liisa-holmberg","tag-sami","tag-sami-film-institute"],"yoast_head":"<!-- This site is optimized with the Yoast SEO plugin v26.8 - https:\/\/yoast.com\/product\/yoast-seo-wordpress\/ -->\n<title>To Voice The Unheard - Minikino Articles<\/title>\n<meta name=\"robots\" content=\"index, follow, max-snippet:-1, max-image-preview:large, max-video-preview:-1\" \/>\n<link rel=\"canonical\" href=\"https:\/\/minikino.org\/articles\/to-voice-the-unheard\/\" \/>\n<meta property=\"og:locale\" content=\"en_US\" \/>\n<meta property=\"og:type\" content=\"article\" \/>\n<meta property=\"og:title\" content=\"To Voice The Unheard - Minikino Articles\" \/>\n<meta property=\"og:description\" content=\"In a world full of borders and barriers, sometimes we seek comfort in our own little bubbles. Some bubbles seems large, while the others are small. We mostly go through life secluded in these bubbles. But while these bubbles give us comfort, they also separate us, establishing an imaginary walls that make the outside world [&hellip;]\" \/>\n<meta property=\"og:url\" content=\"https:\/\/minikino.org\/articles\/to-voice-the-unheard\/\" \/>\n<meta property=\"og:site_name\" content=\"Minikino Articles\" \/>\n<meta property=\"article:published_time\" content=\"2022-06-23T04:50:37+00:00\" \/>\n<meta property=\"article:modified_time\" content=\"2022-10-04T08:04:20+00:00\" \/>\n<meta property=\"og:image\" content=\"https:\/\/minikino.org\/articles\/wp-content\/uploads\/sites\/10\/2022\/06\/bintang-Liisa-session-voice-unheard2.webp\" \/>\n\t<meta property=\"og:image:width\" content=\"1122\" \/>\n\t<meta property=\"og:image:height\" content=\"532\" \/>\n\t<meta property=\"og:image:type\" content=\"image\/webp\" \/>\n<meta name=\"author\" content=\"Bintang Panglima\" \/>\n<meta name=\"twitter:card\" content=\"summary_large_image\" \/>\n<meta name=\"twitter:label1\" content=\"Written by\" \/>\n\t<meta name=\"twitter:data1\" content=\"Bintang Panglima\" \/>\n\t<meta name=\"twitter:label2\" content=\"Est. reading time\" \/>\n\t<meta name=\"twitter:data2\" content=\"6 minutes\" \/>\n<script type=\"application\/ld+json\" class=\"yoast-schema-graph\">{\"@context\":\"https:\/\/schema.org\",\"@graph\":[{\"@type\":\"Article\",\"@id\":\"https:\/\/minikino.org\/articles\/to-voice-the-unheard\/#article\",\"isPartOf\":{\"@id\":\"https:\/\/minikino.org\/articles\/to-voice-the-unheard\/\"},\"author\":{\"name\":\"Bintang Panglima\",\"@id\":\"https:\/\/minikino.org\/articles\/#\/schema\/person\/7625253f32ea388c612e7d81af1adb43\"},\"headline\":\"To Voice The Unheard\",\"datePublished\":\"2022-06-23T04:50:37+00:00\",\"dateModified\":\"2022-10-04T08:04:20+00:00\",\"mainEntityOfPage\":{\"@id\":\"https:\/\/minikino.org\/articles\/to-voice-the-unheard\/\"},\"wordCount\":1310,\"commentCount\":0,\"image\":{\"@id\":\"https:\/\/minikino.org\/articles\/to-voice-the-unheard\/#primaryimage\"},\"thumbnailUrl\":\"https:\/\/minikino.org\/articles\/wp-content\/uploads\/sites\/10\/2022\/06\/bintang-Liisa-session-voice-unheard2.webp\",\"keywords\":[\"Borders\",\"English\",\"Festival Writers\",\"Hybrid Internship 2022\",\"indigenous\",\"Lapland\",\"Liisa Holmberg\",\"S\u00e1mi\",\"S\u00e1mi Film Institute\"],\"articleSection\":[\"NOTES\"],\"inLanguage\":\"en-US\",\"potentialAction\":[{\"@type\":\"CommentAction\",\"name\":\"Comment\",\"target\":[\"https:\/\/minikino.org\/articles\/to-voice-the-unheard\/#respond\"]}]},{\"@type\":\"WebPage\",\"@id\":\"https:\/\/minikino.org\/articles\/to-voice-the-unheard\/\",\"url\":\"https:\/\/minikino.org\/articles\/to-voice-the-unheard\/\",\"name\":\"To Voice The Unheard - Minikino Articles\",\"isPartOf\":{\"@id\":\"https:\/\/minikino.org\/articles\/#website\"},\"primaryImageOfPage\":{\"@id\":\"https:\/\/minikino.org\/articles\/to-voice-the-unheard\/#primaryimage\"},\"image\":{\"@id\":\"https:\/\/minikino.org\/articles\/to-voice-the-unheard\/#primaryimage\"},\"thumbnailUrl\":\"https:\/\/minikino.org\/articles\/wp-content\/uploads\/sites\/10\/2022\/06\/bintang-Liisa-session-voice-unheard2.webp\",\"datePublished\":\"2022-06-23T04:50:37+00:00\",\"dateModified\":\"2022-10-04T08:04:20+00:00\",\"author\":{\"@id\":\"https:\/\/minikino.org\/articles\/#\/schema\/person\/7625253f32ea388c612e7d81af1adb43\"},\"breadcrumb\":{\"@id\":\"https:\/\/minikino.org\/articles\/to-voice-the-unheard\/#breadcrumb\"},\"inLanguage\":\"en-US\",\"potentialAction\":[{\"@type\":\"ReadAction\",\"target\":[\"https:\/\/minikino.org\/articles\/to-voice-the-unheard\/\"]}]},{\"@type\":\"ImageObject\",\"inLanguage\":\"en-US\",\"@id\":\"https:\/\/minikino.org\/articles\/to-voice-the-unheard\/#primaryimage\",\"url\":\"https:\/\/minikino.org\/articles\/wp-content\/uploads\/sites\/10\/2022\/06\/bintang-Liisa-session-voice-unheard2.webp\",\"contentUrl\":\"https:\/\/minikino.org\/articles\/wp-content\/uploads\/sites\/10\/2022\/06\/bintang-Liisa-session-voice-unheard2.webp\",\"width\":1122,\"height\":532,\"caption\":\"S\u00e1mi people attended Frozen 2 Premiere (screenshot photo from Liisa Holmberg's presentation, June 2nd, 2022)\"},{\"@type\":\"BreadcrumbList\",\"@id\":\"https:\/\/minikino.org\/articles\/to-voice-the-unheard\/#breadcrumb\",\"itemListElement\":[{\"@type\":\"ListItem\",\"position\":1,\"name\":\"Home\",\"item\":\"https:\/\/minikino.org\/articles\/\"},{\"@type\":\"ListItem\",\"position\":2,\"name\":\"To Voice The Unheard\"}]},{\"@type\":\"WebSite\",\"@id\":\"https:\/\/minikino.org\/articles\/#website\",\"url\":\"https:\/\/minikino.org\/articles\/\",\"name\":\"Minikino Articles\",\"description\":\"Your Healthy Dose Of Short Film\",\"potentialAction\":[{\"@type\":\"SearchAction\",\"target\":{\"@type\":\"EntryPoint\",\"urlTemplate\":\"https:\/\/minikino.org\/articles\/?s={search_term_string}\"},\"query-input\":{\"@type\":\"PropertyValueSpecification\",\"valueRequired\":true,\"valueName\":\"search_term_string\"}}],\"inLanguage\":\"en-US\"},{\"@type\":\"Person\",\"@id\":\"https:\/\/minikino.org\/articles\/#\/schema\/person\/7625253f32ea388c612e7d81af1adb43\",\"name\":\"Bintang Panglima\",\"image\":{\"@type\":\"ImageObject\",\"inLanguage\":\"en-US\",\"@id\":\"https:\/\/minikino.org\/articles\/#\/schema\/person\/image\/\",\"url\":\"https:\/\/minikino.org\/articles\/wp-content\/uploads\/sites\/10\/2022\/05\/bintang-panglima_avatar-96x96.jpg\",\"contentUrl\":\"https:\/\/minikino.org\/articles\/wp-content\/uploads\/sites\/10\/2022\/05\/bintang-panglima_avatar-96x96.jpg\",\"caption\":\"Bintang Panglima\"},\"description\":\"Bintang has always enjoyed watching and analyzing movies. Now a cinema studies student at the Jakarta Institute of Arts, He's attempting to find the balance between being behind the camera and being behind the keyboard.\",\"url\":\"https:\/\/minikino.org\/articles\/author\/bintangpanglima\/\"}]}<\/script>\n<!-- \/ Yoast SEO plugin. -->","yoast_head_json":{"title":"To Voice The Unheard - Minikino Articles","robots":{"index":"index","follow":"follow","max-snippet":"max-snippet:-1","max-image-preview":"max-image-preview:large","max-video-preview":"max-video-preview:-1"},"canonical":"https:\/\/minikino.org\/articles\/to-voice-the-unheard\/","og_locale":"en_US","og_type":"article","og_title":"To Voice The Unheard - Minikino Articles","og_description":"In a world full of borders and barriers, sometimes we seek comfort in our own little bubbles. Some bubbles seems large, while the others are small. We mostly go through life secluded in these bubbles. But while these bubbles give us comfort, they also separate us, establishing an imaginary walls that make the outside world [&hellip;]","og_url":"https:\/\/minikino.org\/articles\/to-voice-the-unheard\/","og_site_name":"Minikino Articles","article_published_time":"2022-06-23T04:50:37+00:00","article_modified_time":"2022-10-04T08:04:20+00:00","og_image":[{"width":1122,"height":532,"url":"https:\/\/minikino.org\/articles\/wp-content\/uploads\/sites\/10\/2022\/06\/bintang-Liisa-session-voice-unheard2.webp","type":"image\/webp"}],"author":"Bintang Panglima","twitter_card":"summary_large_image","twitter_misc":{"Written by":"Bintang Panglima","Est. reading time":"6 minutes"},"schema":{"@context":"https:\/\/schema.org","@graph":[{"@type":"Article","@id":"https:\/\/minikino.org\/articles\/to-voice-the-unheard\/#article","isPartOf":{"@id":"https:\/\/minikino.org\/articles\/to-voice-the-unheard\/"},"author":{"name":"Bintang Panglima","@id":"https:\/\/minikino.org\/articles\/#\/schema\/person\/7625253f32ea388c612e7d81af1adb43"},"headline":"To Voice The Unheard","datePublished":"2022-06-23T04:50:37+00:00","dateModified":"2022-10-04T08:04:20+00:00","mainEntityOfPage":{"@id":"https:\/\/minikino.org\/articles\/to-voice-the-unheard\/"},"wordCount":1310,"commentCount":0,"image":{"@id":"https:\/\/minikino.org\/articles\/to-voice-the-unheard\/#primaryimage"},"thumbnailUrl":"https:\/\/minikino.org\/articles\/wp-content\/uploads\/sites\/10\/2022\/06\/bintang-Liisa-session-voice-unheard2.webp","keywords":["Borders","English","Festival Writers","Hybrid Internship 2022","indigenous","Lapland","Liisa Holmberg","S\u00e1mi","S\u00e1mi Film Institute"],"articleSection":["NOTES"],"inLanguage":"en-US","potentialAction":[{"@type":"CommentAction","name":"Comment","target":["https:\/\/minikino.org\/articles\/to-voice-the-unheard\/#respond"]}]},{"@type":"WebPage","@id":"https:\/\/minikino.org\/articles\/to-voice-the-unheard\/","url":"https:\/\/minikino.org\/articles\/to-voice-the-unheard\/","name":"To Voice The Unheard - Minikino Articles","isPartOf":{"@id":"https:\/\/minikino.org\/articles\/#website"},"primaryImageOfPage":{"@id":"https:\/\/minikino.org\/articles\/to-voice-the-unheard\/#primaryimage"},"image":{"@id":"https:\/\/minikino.org\/articles\/to-voice-the-unheard\/#primaryimage"},"thumbnailUrl":"https:\/\/minikino.org\/articles\/wp-content\/uploads\/sites\/10\/2022\/06\/bintang-Liisa-session-voice-unheard2.webp","datePublished":"2022-06-23T04:50:37+00:00","dateModified":"2022-10-04T08:04:20+00:00","author":{"@id":"https:\/\/minikino.org\/articles\/#\/schema\/person\/7625253f32ea388c612e7d81af1adb43"},"breadcrumb":{"@id":"https:\/\/minikino.org\/articles\/to-voice-the-unheard\/#breadcrumb"},"inLanguage":"en-US","potentialAction":[{"@type":"ReadAction","target":["https:\/\/minikino.org\/articles\/to-voice-the-unheard\/"]}]},{"@type":"ImageObject","inLanguage":"en-US","@id":"https:\/\/minikino.org\/articles\/to-voice-the-unheard\/#primaryimage","url":"https:\/\/minikino.org\/articles\/wp-content\/uploads\/sites\/10\/2022\/06\/bintang-Liisa-session-voice-unheard2.webp","contentUrl":"https:\/\/minikino.org\/articles\/wp-content\/uploads\/sites\/10\/2022\/06\/bintang-Liisa-session-voice-unheard2.webp","width":1122,"height":532,"caption":"S\u00e1mi people attended Frozen 2 Premiere (screenshot photo from Liisa Holmberg's presentation, June 2nd, 2022)"},{"@type":"BreadcrumbList","@id":"https:\/\/minikino.org\/articles\/to-voice-the-unheard\/#breadcrumb","itemListElement":[{"@type":"ListItem","position":1,"name":"Home","item":"https:\/\/minikino.org\/articles\/"},{"@type":"ListItem","position":2,"name":"To Voice The Unheard"}]},{"@type":"WebSite","@id":"https:\/\/minikino.org\/articles\/#website","url":"https:\/\/minikino.org\/articles\/","name":"Minikino Articles","description":"Your Healthy Dose Of Short Film","potentialAction":[{"@type":"SearchAction","target":{"@type":"EntryPoint","urlTemplate":"https:\/\/minikino.org\/articles\/?s={search_term_string}"},"query-input":{"@type":"PropertyValueSpecification","valueRequired":true,"valueName":"search_term_string"}}],"inLanguage":"en-US"},{"@type":"Person","@id":"https:\/\/minikino.org\/articles\/#\/schema\/person\/7625253f32ea388c612e7d81af1adb43","name":"Bintang Panglima","image":{"@type":"ImageObject","inLanguage":"en-US","@id":"https:\/\/minikino.org\/articles\/#\/schema\/person\/image\/","url":"https:\/\/minikino.org\/articles\/wp-content\/uploads\/sites\/10\/2022\/05\/bintang-panglima_avatar-96x96.jpg","contentUrl":"https:\/\/minikino.org\/articles\/wp-content\/uploads\/sites\/10\/2022\/05\/bintang-panglima_avatar-96x96.jpg","caption":"Bintang Panglima"},"description":"Bintang has always enjoyed watching and analyzing movies. Now a cinema studies student at the Jakarta Institute of Arts, He's attempting to find the balance between being behind the camera and being behind the keyboard.","url":"https:\/\/minikino.org\/articles\/author\/bintangpanglima\/"}]}},"_links":{"self":[{"href":"https:\/\/minikino.org\/articles\/wp-json\/wp\/v2\/posts\/7504","targetHints":{"allow":["GET"]}}],"collection":[{"href":"https:\/\/minikino.org\/articles\/wp-json\/wp\/v2\/posts"}],"about":[{"href":"https:\/\/minikino.org\/articles\/wp-json\/wp\/v2\/types\/post"}],"author":[{"embeddable":true,"href":"https:\/\/minikino.org\/articles\/wp-json\/wp\/v2\/users\/56"}],"replies":[{"embeddable":true,"href":"https:\/\/minikino.org\/articles\/wp-json\/wp\/v2\/comments?post=7504"}],"version-history":[{"count":17,"href":"https:\/\/minikino.org\/articles\/wp-json\/wp\/v2\/posts\/7504\/revisions"}],"predecessor-version":[{"id":7560,"href":"https:\/\/minikino.org\/articles\/wp-json\/wp\/v2\/posts\/7504\/revisions\/7560"}],"wp:featuredmedia":[{"embeddable":true,"href":"https:\/\/minikino.org\/articles\/wp-json\/wp\/v2\/media\/7543"}],"wp:attachment":[{"href":"https:\/\/minikino.org\/articles\/wp-json\/wp\/v2\/media?parent=7504"}],"wp:term":[{"taxonomy":"category","embeddable":true,"href":"https:\/\/minikino.org\/articles\/wp-json\/wp\/v2\/categories?post=7504"},{"taxonomy":"post_tag","embeddable":true,"href":"https:\/\/minikino.org\/articles\/wp-json\/wp\/v2\/tags?post=7504"},{"taxonomy":"jnews-series","embeddable":true,"href":"https:\/\/minikino.org\/articles\/wp-json\/wp\/v2\/jnews-series?post=7504"}],"curies":[{"name":"wp","href":"https:\/\/api.w.org\/{rel}","templated":true}]}}