{"id":8486,"date":"2023-09-01T13:50:39","date_gmt":"2023-09-01T05:50:39","guid":{"rendered":"https:\/\/minikino.org\/articles\/?p=8486"},"modified":"2023-09-01T13:52:00","modified_gmt":"2023-09-01T05:52:00","slug":"all-my-scars-vanish-in-the-wind-2022-of-memories-and-subjectivity","status":"publish","type":"post","link":"https:\/\/minikino.org\/articles\/all-my-scars-vanish-in-the-wind-2022-of-memories-and-subjectivity\/","title":{"rendered":"All My Scars Vanish in the Wind (2022): Of Memories and Subjectivity"},"content":{"rendered":"<p><span style=\"font-weight: 400;\">We seek our own paths in discoveries (or rediscoveries) of our memories. Any reasonable person would search for the paths most gentle and kind, most understanding of our deepest convictions. Or the paths most interesting and revealing, most honest. Objective accuracy is not sought after, but emotional accuracy is. An animated experimental short film explores the idea through a play of digital photogrammetry.<\/span><i><span style=\"font-weight: 400;\"> All My Scars Vanish in the Wind<\/span><\/i><span style=\"font-weight: 400;\"> (<\/span><i><span style=\"font-weight: 400;\">Todas Mis Cicatrices se Desvanecen en el Viento<\/span><\/i><span style=\"font-weight: 400;\">) (Ang\u00e9lica Restrepo &amp; Carlos Velandia, Columbia, 2022) aims to make a form of memories truthfully. Not accurately, not factually, but honestly.\u00a0<\/span><\/p>\n<p><span style=\"font-weight: 400;\">Through the 14-minute film, filmmakers Ang\u00e9lica Restrepo &amp; Carlos Velandia are reaching through the memories of Restrepo\u2019s mother they describe as her \u201cchildhood years of pain.\u201d With the single internal monologues written only in subtitles and the visuals a result of artistic digital cartography, the film\u2019s framing is limited to one person\u2019s subjective perspective.\u00a0<\/span><\/p>\n<p><span style=\"font-weight: 400;\">When I write this article, I&#8217;m involved in the program, <a href=\"https:\/\/minikino.org\/filmweek\/film-festival-writers-2023\/\">Minikino Hybrid Internship for Film Festival Writers<\/a>. One of the guest speakers for this year, Andr\u00e9s Su\u00e1rez (head of programming for Bogot\u00e1 Short Film Festival-BOGOSHORTS) spoke with us about short films which offer another view of stories in Latin America. Where a continent is normally represented by their tragedy-infused films for the West\u2019s film audiences which Andr\u00e9s mentions as exploitative. He aims for more nuanced and intimate aspects of Latin America portrayed in short film. One film in particular that delves deep into the Intimate is <\/span><i><span style=\"font-weight: 400;\">All My Scars Vanish in the Wind<\/span><\/i><span style=\"font-weight: 400;\">.\u00a0<\/span><\/p>\n<p><span style=\"font-weight: 400;\">The short film is a gentle journey of a woman into her childhood in rural Columbia, where the <\/span><i><span style=\"font-weight: 400;\">machista<\/span><\/i><span style=\"font-weight: 400;\"> culture reigns to bring anguish to the women in its society. The over-glorified masculinity or machismo upheld at the reign of patriarchy has created a painful and uncomfortable environment for girls and women to be. <\/span><i><span style=\"font-weight: 400;\">All My Scars Vanish in the Wind<\/span><\/i><span style=\"font-weight: 400;\"> explores the depths of one woman\u2019s mind into this very pain. It maps out the process of trying to remember and retrospect in a poetic, empowering hypnosis that could only be made possible through the unique medium of experimental film. As you sit before the blank screen, expect to be guided through the three steps of remembering:\u00a0<\/span><\/p>\n<p><b>Step one of remembering: close your eyes<\/b><\/p>\n<p><span style=\"font-weight: 400;\">Personally, I think remembering requires a blank slate of mind to welcome the memories recalled. Just as visualized in the film, everything begins in darkness, nothingness. Specks of dust fly centered on the frame, green and white and brown and yellow; the colors you think you see when closing your eyes as undefined objects flow on the lids of your eyes. The animated grains swim together like neurons connecting to form a shape, a memory. The film does the remembering for you as if an omniscient entity is guiding you to remember only certain parts of your life. It might feel confrontational and uncomfortable. At most, it feels spiritual.\u00a0\u00a0<\/span><\/p>\n<figure id=\"attachment_8492\" aria-describedby=\"caption-attachment-8492\" style=\"width: 1122px\" class=\"wp-caption alignnone\"><img fetchpriority=\"high\" decoding=\"async\" class=\"wp-image-8492 size-full\" src=\"https:\/\/minikino.org\/articles\/wp-content\/uploads\/sites\/10\/2023\/08\/All-My-Scars1.jpg\" alt=\"\" width=\"1122\" height=\"533\" srcset=\"https:\/\/minikino.org\/articles\/wp-content\/uploads\/sites\/10\/2023\/08\/All-My-Scars1.jpg 1122w, https:\/\/minikino.org\/articles\/wp-content\/uploads\/sites\/10\/2023\/08\/All-My-Scars1-300x143.jpg 300w, https:\/\/minikino.org\/articles\/wp-content\/uploads\/sites\/10\/2023\/08\/All-My-Scars1-1024x486.jpg 1024w, https:\/\/minikino.org\/articles\/wp-content\/uploads\/sites\/10\/2023\/08\/All-My-Scars1-768x365.jpg 768w\" sizes=\"(max-width: 1122px) 100vw, 1122px\" \/><figcaption id=\"caption-attachment-8492\" class=\"wp-caption-text\">Still Film of All My Scars Vanish in the Wind (Todas Mis Cicatrices se Desvanecen en el Viento) (2022) by Ang\u00e9lica Restrepo &amp; Carlos Velandia (Doc: Minikino)<\/figcaption><\/figure>\n<p><b>Step two of remembering: form the shape of your memory\u00a0<\/b><\/p>\n<p><span style=\"font-weight: 400;\">These glowing grains in the dark take shapes: trees, a dress on barbed wires, and an empty bed. Only the bearer of these memories know the significance of these objects. In the film\u2019s case, they are signifiers of moments of the past that scarred you with wounds you still suffer. You remember the feelings of the past, but not the solid form of the event it houses. You might question whether the constructions of the memory before you are merely imitations, some silly trick of the mind. And while these shapes feel tangible, as you come near them, grains of these shapes dance around to form other new objects. Restrepo and Velandia craft these memories as if they are in front of us, yet always out of reach; exist in the same plane of existence as us, yet other-worldly, just like the past.\u00a0<\/span><\/p>\n<p><b>Step three of remembering: reflect<\/b><\/p>\n<p><span style=\"font-weight: 400;\">You realize these memories are not entirely factual, yet not mere interpretations as well. Inner musings of the woman whose memories are reimagined on frame just initiate more questions than answers. Reflections of the present-self cannot explain the objective details of memory (they do not matter). The quietness and mystery of the memories constructed by these grains give the impression that memories may not be easy to face. Yet, there they are: sought for after all the years that have passed in between its subject and object\u2014the subject searches for its objects in a way most compassionate to the past wounded self. The past becomes less of a memory to be understood, but a piece of yourself to be given compassion.\u00a0<\/span><\/p>\n<p><span style=\"font-weight: 400;\">Subjectivity to an experience is advantageous here, as it is in the medium of the ever-expanding experimental film. <\/span><i><span style=\"font-weight: 400;\">All My Scars Vanish in the Wind<\/span><\/i><span style=\"font-weight: 400;\"> serves as a reminder to be gentle with oneself when confronted with painful memories. The short film is Restrepo &amp; Velandia\u2019s portrait of an intimate journey toward acceptance and healing of a woman subjected to an overly masculine society. To me, the strength it takes for the subject of these memories to seek these past could have come from compassion alone, or perhaps also from the peace of nostalgia, of home\u2014of the culture that had equally betrayed her, had never been on her side; always at the gringo\u2019s, at the <\/span><i><span style=\"font-weight: 400;\">machista<\/span><\/i><span style=\"font-weight: 400;\">\u2019s, always at the men\u2019s. It was never objectivity the subject needed to breathe truth to her memory, but courage, as it was never the truth she was after, but peace.\u00a0<\/span><\/p>\n<h6><em>Editor: Ahmad Fauzi<\/em><\/h6>\n<h5>The writer is one of the four selected participants in the Minikino Hybrid Internship for Film Festival Writers (May-November 2023). <em>All My Scars Vanish in the Wind (Todas Mis Cicatrices se Desvanecen en el Viento)<\/em> is a short film selected in International Program \u201cHidden Truth\u201d and part of nominees in Best Animation Short Minikino Film Week 9. For more information <a href=\"https:\/\/minikino.org\/filmweek\/2023-official-selections\/\">https:\/\/minikino.org\/filmweek\/2023-official-selections<\/a><\/h5>\n","protected":false},"excerpt":{"rendered":"<p>We seek our own paths in discoveries (or rediscoveries) of our memories. Any reasonable person would search for the paths most gentle and kind, most understanding of our deepest convictions. Or the paths most interesting and revealing, most honest. Objective accuracy is not sought after, but emotional accuracy is. An animated experimental short film explores [&hellip;]<\/p>\n","protected":false},"author":70,"featured_media":8491,"comment_status":"open","ping_status":"open","sticky":false,"template":"","format":"standard","meta":{"jnews-multi-image_gallery":[],"jnews_single_post":{"source_name":"","source_url":"","via_name":"","via_url":"","override_template":"0","override":[{"template":"1","single_blog_custom":"","parallax":"1","fullscreen":"1","layout":"right-sidebar","sidebar":"default-sidebar","second_sidebar":"default-sidebar","sticky_sidebar":"1","share_position":"top","share_float_style":"share-monocrhome","show_share_counter":"1","show_view_counter":"1","show_featured":"1","show_post_meta":"1","show_post_author":"1","show_post_author_image":"1","show_post_date":"1","post_date_format":"default","post_date_format_custom":"Y\/m\/d","show_post_category":"1","show_post_reading_time":"0","post_reading_time_wpm":"300","show_zoom_button":"0","zoom_button_out_step":"2","zoom_button_in_step":"3","show_post_tag":"1","show_prev_next_post":"1","show_popup_post":"1","number_popup_post":"1","show_author_box":"0","show_post_related":"0","show_inline_post_related":"0"}],"override_image_size":"0","image_override":[{"single_post_thumbnail_size":"crop-500","single_post_gallery_size":"crop-500"}],"trending_post":"0","trending_post_position":"meta","trending_post_label":"Trending","sponsored_post":"0","sponsored_post_label":"Sponsored by","sponsored_post_name":"","sponsored_post_url":"","sponsored_post_logo_enable":"0","sponsored_post_logo":"","sponsored_post_desc":""},"jnews_primary_category":{"id":""},"jnews_social_meta":{"fb_title":"","fb_description":"","fb_image":"","twitter_title":"","twitter_description":"","twitter_image":""},"jnews_review":[],"enable_review":"0","type":"percentage","name":"","summary":"","brand":"","sku":"","good":[{"good_text":""}],"bad":[{"bad_text":""}],"score_override":"","override_value":"","rating":[{"rating_text":"","rating_number":"10"}],"price":[{"shop":"","price":"","link":"","icon":""}],"jnews_override_counter":{"override_view_counter":"0","view_counter_number":"0","override_share_counter":"0","share_counter_number":"0","override_like_counter":"0","like_counter_number":"0","override_dislike_counter":"0","dislike_counter_number":"0"},"jnews_podcast_option":{"enable_podcast":"0","podcast_duration":"","upload":""},"jnews_podcast_series":null,"footnotes":""},"categories":[2],"tags":[413,303,415,416,417,55,418,405,123,414],"jnews-series":[],"class_list":["post-8486","post","type-post","status-publish","format-standard","has-post-thumbnail","hentry","category-short-films","tag-all-my-scars-vanish-in-the-wind","tag-andres-suarez","tag-angelica-restrepo","tag-carlos-velandia","tag-columbia","tag-english","tag-latin-america","tag-mfw9","tag-minikino-film-week","tag-todas-mis-cicatrices-se-desvanecen-en-el-viento"],"yoast_head":"<!-- This site is optimized with the Yoast SEO plugin v26.8 - https:\/\/yoast.com\/product\/yoast-seo-wordpress\/ -->\n<title>All My Scars Vanish in the Wind (2022): Of Memories and Subjectivity - Minikino Articles<\/title>\n<meta name=\"robots\" content=\"index, follow, max-snippet:-1, max-image-preview:large, max-video-preview:-1\" \/>\n<link rel=\"canonical\" href=\"https:\/\/minikino.org\/articles\/all-my-scars-vanish-in-the-wind-2022-of-memories-and-subjectivity\/\" \/>\n<meta property=\"og:locale\" content=\"en_US\" \/>\n<meta property=\"og:type\" content=\"article\" \/>\n<meta property=\"og:title\" content=\"All My Scars Vanish in the Wind (2022): Of Memories and Subjectivity - Minikino Articles\" \/>\n<meta property=\"og:description\" content=\"We seek our own paths in discoveries (or rediscoveries) of our memories. Any reasonable person would search for the paths most gentle and kind, most understanding of our deepest convictions. Or the paths most interesting and revealing, most honest. Objective accuracy is not sought after, but emotional accuracy is. An animated experimental short film explores [&hellip;]\" \/>\n<meta property=\"og:url\" content=\"https:\/\/minikino.org\/articles\/all-my-scars-vanish-in-the-wind-2022-of-memories-and-subjectivity\/\" \/>\n<meta property=\"og:site_name\" content=\"Minikino Articles\" \/>\n<meta property=\"article:published_time\" content=\"2023-09-01T05:50:39+00:00\" \/>\n<meta property=\"article:modified_time\" content=\"2023-09-01T05:52:00+00:00\" \/>\n<meta property=\"og:image\" content=\"https:\/\/minikino.org\/articles\/wp-content\/uploads\/sites\/10\/2023\/08\/All-My-Scars.jpg\" \/>\n\t<meta property=\"og:image:width\" content=\"1122\" \/>\n\t<meta property=\"og:image:height\" content=\"533\" \/>\n\t<meta property=\"og:image:type\" content=\"image\/jpeg\" \/>\n<meta name=\"author\" content=\"Natania Marcella\" \/>\n<meta name=\"twitter:card\" content=\"summary_large_image\" \/>\n<meta name=\"twitter:label1\" content=\"Written by\" \/>\n\t<meta name=\"twitter:data1\" content=\"Natania Marcella\" \/>\n\t<meta name=\"twitter:label2\" content=\"Est. reading time\" \/>\n\t<meta name=\"twitter:data2\" content=\"5 minutes\" \/>\n<script type=\"application\/ld+json\" class=\"yoast-schema-graph\">{\"@context\":\"https:\/\/schema.org\",\"@graph\":[{\"@type\":\"Article\",\"@id\":\"https:\/\/minikino.org\/articles\/all-my-scars-vanish-in-the-wind-2022-of-memories-and-subjectivity\/#article\",\"isPartOf\":{\"@id\":\"https:\/\/minikino.org\/articles\/all-my-scars-vanish-in-the-wind-2022-of-memories-and-subjectivity\/\"},\"author\":{\"name\":\"Natania Marcella\",\"@id\":\"https:\/\/minikino.org\/articles\/#\/schema\/person\/8a9bd1f55b8b4d593ac06269bb08ad3d\"},\"headline\":\"All My Scars Vanish in the Wind (2022): Of Memories and Subjectivity\",\"datePublished\":\"2023-09-01T05:50:39+00:00\",\"dateModified\":\"2023-09-01T05:52:00+00:00\",\"mainEntityOfPage\":{\"@id\":\"https:\/\/minikino.org\/articles\/all-my-scars-vanish-in-the-wind-2022-of-memories-and-subjectivity\/\"},\"wordCount\":1042,\"commentCount\":0,\"image\":{\"@id\":\"https:\/\/minikino.org\/articles\/all-my-scars-vanish-in-the-wind-2022-of-memories-and-subjectivity\/#primaryimage\"},\"thumbnailUrl\":\"https:\/\/minikino.org\/articles\/wp-content\/uploads\/sites\/10\/2023\/08\/All-My-Scars.jpg\",\"keywords\":[\"All My Scars Vanish in the Wind\",\"Andr\u00e9s Suarez\",\"Ang\u00e9lica Restrepo\",\"Carlos Velandia\",\"Columbia\",\"English\",\"Latin America\",\"MFW9\",\"Minikino Film Week\",\"Todas Mis Cicatrices se Desvanecen en el Viento\"],\"articleSection\":[\"SHORT FILMS\"],\"inLanguage\":\"en-US\",\"potentialAction\":[{\"@type\":\"CommentAction\",\"name\":\"Comment\",\"target\":[\"https:\/\/minikino.org\/articles\/all-my-scars-vanish-in-the-wind-2022-of-memories-and-subjectivity\/#respond\"]}]},{\"@type\":\"WebPage\",\"@id\":\"https:\/\/minikino.org\/articles\/all-my-scars-vanish-in-the-wind-2022-of-memories-and-subjectivity\/\",\"url\":\"https:\/\/minikino.org\/articles\/all-my-scars-vanish-in-the-wind-2022-of-memories-and-subjectivity\/\",\"name\":\"All My Scars Vanish in the Wind (2022): Of Memories and Subjectivity - Minikino Articles\",\"isPartOf\":{\"@id\":\"https:\/\/minikino.org\/articles\/#website\"},\"primaryImageOfPage\":{\"@id\":\"https:\/\/minikino.org\/articles\/all-my-scars-vanish-in-the-wind-2022-of-memories-and-subjectivity\/#primaryimage\"},\"image\":{\"@id\":\"https:\/\/minikino.org\/articles\/all-my-scars-vanish-in-the-wind-2022-of-memories-and-subjectivity\/#primaryimage\"},\"thumbnailUrl\":\"https:\/\/minikino.org\/articles\/wp-content\/uploads\/sites\/10\/2023\/08\/All-My-Scars.jpg\",\"datePublished\":\"2023-09-01T05:50:39+00:00\",\"dateModified\":\"2023-09-01T05:52:00+00:00\",\"author\":{\"@id\":\"https:\/\/minikino.org\/articles\/#\/schema\/person\/8a9bd1f55b8b4d593ac06269bb08ad3d\"},\"breadcrumb\":{\"@id\":\"https:\/\/minikino.org\/articles\/all-my-scars-vanish-in-the-wind-2022-of-memories-and-subjectivity\/#breadcrumb\"},\"inLanguage\":\"en-US\",\"potentialAction\":[{\"@type\":\"ReadAction\",\"target\":[\"https:\/\/minikino.org\/articles\/all-my-scars-vanish-in-the-wind-2022-of-memories-and-subjectivity\/\"]}]},{\"@type\":\"ImageObject\",\"inLanguage\":\"en-US\",\"@id\":\"https:\/\/minikino.org\/articles\/all-my-scars-vanish-in-the-wind-2022-of-memories-and-subjectivity\/#primaryimage\",\"url\":\"https:\/\/minikino.org\/articles\/wp-content\/uploads\/sites\/10\/2023\/08\/All-My-Scars.jpg\",\"contentUrl\":\"https:\/\/minikino.org\/articles\/wp-content\/uploads\/sites\/10\/2023\/08\/All-My-Scars.jpg\",\"width\":1122,\"height\":533,\"caption\":\"Still Film of All My Scars Vanish in the Wind (Todas Mis Cicatrices se Desvanecen en el Viento) (2022) by Ang\u00e9lica Restrepo & Carlos Velandia (Doc: Minikino)\"},{\"@type\":\"BreadcrumbList\",\"@id\":\"https:\/\/minikino.org\/articles\/all-my-scars-vanish-in-the-wind-2022-of-memories-and-subjectivity\/#breadcrumb\",\"itemListElement\":[{\"@type\":\"ListItem\",\"position\":1,\"name\":\"Home\",\"item\":\"https:\/\/minikino.org\/articles\/\"},{\"@type\":\"ListItem\",\"position\":2,\"name\":\"All My Scars Vanish in the Wind (2022): Of Memories and Subjectivity\"}]},{\"@type\":\"WebSite\",\"@id\":\"https:\/\/minikino.org\/articles\/#website\",\"url\":\"https:\/\/minikino.org\/articles\/\",\"name\":\"Minikino Articles\",\"description\":\"Your Healthy Dose Of Short Film\",\"potentialAction\":[{\"@type\":\"SearchAction\",\"target\":{\"@type\":\"EntryPoint\",\"urlTemplate\":\"https:\/\/minikino.org\/articles\/?s={search_term_string}\"},\"query-input\":{\"@type\":\"PropertyValueSpecification\",\"valueRequired\":true,\"valueName\":\"search_term_string\"}}],\"inLanguage\":\"en-US\"},{\"@type\":\"Person\",\"@id\":\"https:\/\/minikino.org\/articles\/#\/schema\/person\/8a9bd1f55b8b4d593ac06269bb08ad3d\",\"name\":\"Natania Marcella\",\"image\":{\"@type\":\"ImageObject\",\"inLanguage\":\"en-US\",\"@id\":\"https:\/\/minikino.org\/articles\/#\/schema\/person\/image\/\",\"url\":\"https:\/\/minikino.org\/articles\/wp-content\/uploads\/sites\/10\/2025\/01\/natania-marcella_avatar-96x96.jpeg\",\"contentUrl\":\"https:\/\/minikino.org\/articles\/wp-content\/uploads\/sites\/10\/2025\/01\/natania-marcella_avatar-96x96.jpeg\",\"caption\":\"Natania Marcella\"},\"description\":\"Nia is an Education Staff at Minikino. Interning as a Film Festival Writer for Minikino Film Week (MFW) 9 and participating as a Youth Jury at MFW 10 have enriched her understanding of the short film industry. Now, she focuses on honing her film criticism skills and contributing in short film education at Minikino, driven by her belief in the transformative potential of diversity and community in nurturing a vibrant film culture.\",\"url\":\"https:\/\/minikino.org\/articles\/author\/nataniaa\/\"}]}<\/script>\n<!-- \/ Yoast SEO plugin. -->","yoast_head_json":{"title":"All My Scars Vanish in the Wind (2022): Of Memories and Subjectivity - Minikino Articles","robots":{"index":"index","follow":"follow","max-snippet":"max-snippet:-1","max-image-preview":"max-image-preview:large","max-video-preview":"max-video-preview:-1"},"canonical":"https:\/\/minikino.org\/articles\/all-my-scars-vanish-in-the-wind-2022-of-memories-and-subjectivity\/","og_locale":"en_US","og_type":"article","og_title":"All My Scars Vanish in the Wind (2022): Of Memories and Subjectivity - Minikino Articles","og_description":"We seek our own paths in discoveries (or rediscoveries) of our memories. Any reasonable person would search for the paths most gentle and kind, most understanding of our deepest convictions. Or the paths most interesting and revealing, most honest. Objective accuracy is not sought after, but emotional accuracy is. An animated experimental short film explores [&hellip;]","og_url":"https:\/\/minikino.org\/articles\/all-my-scars-vanish-in-the-wind-2022-of-memories-and-subjectivity\/","og_site_name":"Minikino Articles","article_published_time":"2023-09-01T05:50:39+00:00","article_modified_time":"2023-09-01T05:52:00+00:00","og_image":[{"width":1122,"height":533,"url":"https:\/\/minikino.org\/articles\/wp-content\/uploads\/sites\/10\/2023\/08\/All-My-Scars.jpg","type":"image\/jpeg"}],"author":"Natania Marcella","twitter_card":"summary_large_image","twitter_misc":{"Written by":"Natania Marcella","Est. reading time":"5 minutes"},"schema":{"@context":"https:\/\/schema.org","@graph":[{"@type":"Article","@id":"https:\/\/minikino.org\/articles\/all-my-scars-vanish-in-the-wind-2022-of-memories-and-subjectivity\/#article","isPartOf":{"@id":"https:\/\/minikino.org\/articles\/all-my-scars-vanish-in-the-wind-2022-of-memories-and-subjectivity\/"},"author":{"name":"Natania Marcella","@id":"https:\/\/minikino.org\/articles\/#\/schema\/person\/8a9bd1f55b8b4d593ac06269bb08ad3d"},"headline":"All My Scars Vanish in the Wind (2022): Of Memories and Subjectivity","datePublished":"2023-09-01T05:50:39+00:00","dateModified":"2023-09-01T05:52:00+00:00","mainEntityOfPage":{"@id":"https:\/\/minikino.org\/articles\/all-my-scars-vanish-in-the-wind-2022-of-memories-and-subjectivity\/"},"wordCount":1042,"commentCount":0,"image":{"@id":"https:\/\/minikino.org\/articles\/all-my-scars-vanish-in-the-wind-2022-of-memories-and-subjectivity\/#primaryimage"},"thumbnailUrl":"https:\/\/minikino.org\/articles\/wp-content\/uploads\/sites\/10\/2023\/08\/All-My-Scars.jpg","keywords":["All My Scars Vanish in the Wind","Andr\u00e9s Suarez","Ang\u00e9lica Restrepo","Carlos Velandia","Columbia","English","Latin America","MFW9","Minikino Film Week","Todas Mis Cicatrices se Desvanecen en el Viento"],"articleSection":["SHORT FILMS"],"inLanguage":"en-US","potentialAction":[{"@type":"CommentAction","name":"Comment","target":["https:\/\/minikino.org\/articles\/all-my-scars-vanish-in-the-wind-2022-of-memories-and-subjectivity\/#respond"]}]},{"@type":"WebPage","@id":"https:\/\/minikino.org\/articles\/all-my-scars-vanish-in-the-wind-2022-of-memories-and-subjectivity\/","url":"https:\/\/minikino.org\/articles\/all-my-scars-vanish-in-the-wind-2022-of-memories-and-subjectivity\/","name":"All My Scars Vanish in the Wind (2022): Of Memories and Subjectivity - Minikino Articles","isPartOf":{"@id":"https:\/\/minikino.org\/articles\/#website"},"primaryImageOfPage":{"@id":"https:\/\/minikino.org\/articles\/all-my-scars-vanish-in-the-wind-2022-of-memories-and-subjectivity\/#primaryimage"},"image":{"@id":"https:\/\/minikino.org\/articles\/all-my-scars-vanish-in-the-wind-2022-of-memories-and-subjectivity\/#primaryimage"},"thumbnailUrl":"https:\/\/minikino.org\/articles\/wp-content\/uploads\/sites\/10\/2023\/08\/All-My-Scars.jpg","datePublished":"2023-09-01T05:50:39+00:00","dateModified":"2023-09-01T05:52:00+00:00","author":{"@id":"https:\/\/minikino.org\/articles\/#\/schema\/person\/8a9bd1f55b8b4d593ac06269bb08ad3d"},"breadcrumb":{"@id":"https:\/\/minikino.org\/articles\/all-my-scars-vanish-in-the-wind-2022-of-memories-and-subjectivity\/#breadcrumb"},"inLanguage":"en-US","potentialAction":[{"@type":"ReadAction","target":["https:\/\/minikino.org\/articles\/all-my-scars-vanish-in-the-wind-2022-of-memories-and-subjectivity\/"]}]},{"@type":"ImageObject","inLanguage":"en-US","@id":"https:\/\/minikino.org\/articles\/all-my-scars-vanish-in-the-wind-2022-of-memories-and-subjectivity\/#primaryimage","url":"https:\/\/minikino.org\/articles\/wp-content\/uploads\/sites\/10\/2023\/08\/All-My-Scars.jpg","contentUrl":"https:\/\/minikino.org\/articles\/wp-content\/uploads\/sites\/10\/2023\/08\/All-My-Scars.jpg","width":1122,"height":533,"caption":"Still Film of All My Scars Vanish in the Wind (Todas Mis Cicatrices se Desvanecen en el Viento) (2022) by Ang\u00e9lica Restrepo & Carlos Velandia (Doc: Minikino)"},{"@type":"BreadcrumbList","@id":"https:\/\/minikino.org\/articles\/all-my-scars-vanish-in-the-wind-2022-of-memories-and-subjectivity\/#breadcrumb","itemListElement":[{"@type":"ListItem","position":1,"name":"Home","item":"https:\/\/minikino.org\/articles\/"},{"@type":"ListItem","position":2,"name":"All My Scars Vanish in the Wind (2022): Of Memories and Subjectivity"}]},{"@type":"WebSite","@id":"https:\/\/minikino.org\/articles\/#website","url":"https:\/\/minikino.org\/articles\/","name":"Minikino Articles","description":"Your Healthy Dose Of Short Film","potentialAction":[{"@type":"SearchAction","target":{"@type":"EntryPoint","urlTemplate":"https:\/\/minikino.org\/articles\/?s={search_term_string}"},"query-input":{"@type":"PropertyValueSpecification","valueRequired":true,"valueName":"search_term_string"}}],"inLanguage":"en-US"},{"@type":"Person","@id":"https:\/\/minikino.org\/articles\/#\/schema\/person\/8a9bd1f55b8b4d593ac06269bb08ad3d","name":"Natania Marcella","image":{"@type":"ImageObject","inLanguage":"en-US","@id":"https:\/\/minikino.org\/articles\/#\/schema\/person\/image\/","url":"https:\/\/minikino.org\/articles\/wp-content\/uploads\/sites\/10\/2025\/01\/natania-marcella_avatar-96x96.jpeg","contentUrl":"https:\/\/minikino.org\/articles\/wp-content\/uploads\/sites\/10\/2025\/01\/natania-marcella_avatar-96x96.jpeg","caption":"Natania Marcella"},"description":"Nia is an Education Staff at Minikino. Interning as a Film Festival Writer for Minikino Film Week (MFW) 9 and participating as a Youth Jury at MFW 10 have enriched her understanding of the short film industry. Now, she focuses on honing her film criticism skills and contributing in short film education at Minikino, driven by her belief in the transformative potential of diversity and community in nurturing a vibrant film culture.","url":"https:\/\/minikino.org\/articles\/author\/nataniaa\/"}]}},"_links":{"self":[{"href":"https:\/\/minikino.org\/articles\/wp-json\/wp\/v2\/posts\/8486","targetHints":{"allow":["GET"]}}],"collection":[{"href":"https:\/\/minikino.org\/articles\/wp-json\/wp\/v2\/posts"}],"about":[{"href":"https:\/\/minikino.org\/articles\/wp-json\/wp\/v2\/types\/post"}],"author":[{"embeddable":true,"href":"https:\/\/minikino.org\/articles\/wp-json\/wp\/v2\/users\/70"}],"replies":[{"embeddable":true,"href":"https:\/\/minikino.org\/articles\/wp-json\/wp\/v2\/comments?post=8486"}],"version-history":[{"count":5,"href":"https:\/\/minikino.org\/articles\/wp-json\/wp\/v2\/posts\/8486\/revisions"}],"predecessor-version":[{"id":8508,"href":"https:\/\/minikino.org\/articles\/wp-json\/wp\/v2\/posts\/8486\/revisions\/8508"}],"wp:featuredmedia":[{"embeddable":true,"href":"https:\/\/minikino.org\/articles\/wp-json\/wp\/v2\/media\/8491"}],"wp:attachment":[{"href":"https:\/\/minikino.org\/articles\/wp-json\/wp\/v2\/media?parent=8486"}],"wp:term":[{"taxonomy":"category","embeddable":true,"href":"https:\/\/minikino.org\/articles\/wp-json\/wp\/v2\/categories?post=8486"},{"taxonomy":"post_tag","embeddable":true,"href":"https:\/\/minikino.org\/articles\/wp-json\/wp\/v2\/tags?post=8486"},{"taxonomy":"jnews-series","embeddable":true,"href":"https:\/\/minikino.org\/articles\/wp-json\/wp\/v2\/jnews-series?post=8486"}],"curies":[{"name":"wp","href":"https:\/\/api.w.org\/{rel}","templated":true}]}}